{"id":321,"date":"2026-04-05T15:10:44","date_gmt":"2026-04-05T15:10:44","guid":{"rendered":"https:\/\/atrejumessina.it\/?p=321"},"modified":"2026-04-05T15:10:44","modified_gmt":"2026-04-05T15:10:44","slug":"sospensione-didattica","status":"publish","type":"post","link":"https:\/\/atrejumessina.it\/?p=321","title":{"rendered":"Sospensione didattica"},"content":{"rendered":"\n<figure class=\"wp-block-image aligncenter size-large is-resized\"><img fetchpriority=\"high\" decoding=\"async\" width=\"1024\" height=\"925\" src=\"https:\/\/atrejumessina.it\/wp-content\/uploads\/2026\/04\/Screenshot-2026-04-05-alle-17.08.17-1-1024x925.png\" alt=\"\" class=\"wp-image-323\" style=\"aspect-ratio:1.1070988388436007;width:392px;height:auto\" srcset=\"https:\/\/atrejumessina.it\/wp-content\/uploads\/2026\/04\/Screenshot-2026-04-05-alle-17.08.17-1-1024x925.png 1024w, https:\/\/atrejumessina.it\/wp-content\/uploads\/2026\/04\/Screenshot-2026-04-05-alle-17.08.17-1-300x271.png 300w, https:\/\/atrejumessina.it\/wp-content\/uploads\/2026\/04\/Screenshot-2026-04-05-alle-17.08.17-1-768x694.png 768w, https:\/\/atrejumessina.it\/wp-content\/uploads\/2026\/04\/Screenshot-2026-04-05-alle-17.08.17-1.png 1282w\" sizes=\"(max-width: 1024px) 100vw, 1024px\" \/><\/figure>\n\n\n\n<p>Si informano gli studenti dell&#8217;Universit\u00e0 degli Studi di Messina che nei giorni 2, 3, 4 e 7 aprile; le lezioni saranno sospese in occasione delle festivit\u00e0 pasquali.<\/p>\n\n\n\n<p>Si augurano delle serene festivit\u00e0.<\/p>\n","protected":false},"excerpt":{"rendered":"<p>Si informano gli studenti dell&#8217;Universit\u00e0 degli Studi di Messina che nei giorni 2, 3, 4 e 7 aprile; le lezioni saranno sospese in occasione delle festivit\u00e0 pasquali. Si augurano delle serene festivit\u00e0.<\/p>\n","protected":false},"author":3,"featured_media":322,"comment_status":"closed","ping_status":"open","sticky":false,"template":"","format":"standard","meta":{"footnotes":""},"categories":[28],"tags":[5,37,13],"class_list":["post-321","post","type-post","status-publish","format-standard","has-post-thumbnail","hentry","category-avvisi-per-gli-universitari","tag-atreju","tag-avvisi","tag-universita-degli-studi-di-messina"],"_links":{"self":[{"href":"https:\/\/atrejumessina.it\/index.php?rest_route=\/wp\/v2\/posts\/321","targetHints":{"allow":["GET"]}}],"collection":[{"href":"https:\/\/atrejumessina.it\/index.php?rest_route=\/wp\/v2\/posts"}],"about":[{"href":"https:\/\/atrejumessina.it\/index.php?rest_route=\/wp\/v2\/types\/post"}],"author":[{"embeddable":true,"href":"https:\/\/atrejumessina.it\/index.php?rest_route=\/wp\/v2\/users\/3"}],"replies":[{"embeddable":true,"href":"https:\/\/atrejumessina.it\/index.php?rest_route=%2Fwp%2Fv2%2Fcomments&post=321"}],"version-history":[{"count":1,"href":"https:\/\/atrejumessina.it\/index.php?rest_route=\/wp\/v2\/posts\/321\/revisions"}],"predecessor-version":[{"id":324,"href":"https:\/\/atrejumessina.it\/index.php?rest_route=\/wp\/v2\/posts\/321\/revisions\/324"}],"wp:featuredmedia":[{"embeddable":true,"href":"https:\/\/atrejumessina.it\/index.php?rest_route=\/wp\/v2\/media\/322"}],"wp:attachment":[{"href":"https:\/\/atrejumessina.it\/index.php?rest_route=%2Fwp%2Fv2%2Fmedia&parent=321"}],"wp:term":[{"taxonomy":"category","embeddable":true,"href":"https:\/\/atrejumessina.it\/index.php?rest_route=%2Fwp%2Fv2%2Fcategories&post=321"},{"taxonomy":"post_tag","embeddable":true,"href":"https:\/\/atrejumessina.it\/index.php?rest_route=%2Fwp%2Fv2%2Ftags&post=321"}],"curies":[{"name":"wp","href":"https:\/\/api.w.org\/{rel}","templated":true}]}}